{"id":207,"date":"2025-05-16T07:25:35","date_gmt":"2025-05-16T07:25:35","guid":{"rendered":"https:\/\/casa-alba.ro\/blog\/?p=207"},"modified":"2025-05-16T07:26:57","modified_gmt":"2025-05-16T07:26:57","slug":"207","status":"publish","type":"post","link":"https:\/\/casa-alba.ro\/blog\/2025\/05\/16\/207\/","title":{"rendered":""},"content":{"rendered":"\n<p>E vorba de\u2026 spa\u021biu? De lumin\u0103? De lini\u0219te? Sau de toate la un loc? <\/p>\n\n\n\n<p><\/p>\n\n\n\n<p>Adev\u0103rul este c\u0103, atunci c\u00e2nd cau\u021bi un loc nou, nu cau\u021bi doar un imobil. Nu bifezi doar criterii \u2013 2 camere, balcon, zon\u0103 lini\u0219tit\u0103. Cau\u021bi ceva mai profund. Cau\u021bi un sentiment. Poate e vorba de acel col\u021b luminos \u00een care \u00ee\u021bi bei cafeaua diminea\u021ba. Poate e senza\u021bia de lini\u0219te c\u00e2nd \u00eenchizi u\u0219a \u0219i sim\u021bi c\u0103 ai ajuns\u00a0acas\u0103. Poate e gr\u0103dina unde copiii vor \u00eenv\u0103\u021ba s\u0103 mearg\u0103. <\/p>\n\n\n\n<p><\/p>\n\n\n\n<p>Noi, la Casa Alb\u0103, \u00een\u021belegem c\u0103 fiecare client poart\u0103 \u00een minte o imagine diferit\u0103 despre \u201eacas\u0103\u201d. Unii caut\u0103 deschidere, al\u021bii intimitate. Unii vor zgomotul vie\u021bii urbane aproape, al\u021bii t\u00e2njesc dup\u0103 lini\u0219tea unei str\u0103du\u021be ferite. <\/p>\n\n\n\n<p><\/p>\n\n\n\n<p>De aceea, nu c\u0103ut\u0103m doar ziduri \u0219i ferestre. C\u0103ut\u0103m, \u00eempreun\u0103 cu tine, acel loc care\u00a0simte\u00a0bine.\u00cen cele din urm\u0103, decizia nu vine din calcule reci, ci dintr-o reac\u021bie sincer\u0103: acel moment \u00een care inima bate un pic mai repede \u0219i mintea spune f\u0103r\u0103 ezitare \u2013\u00a0AICI E BINE! <\/p>\n\n\n\n<p><\/p>\n\n\n\n<p>\u0218i atunci \u0219tim c\u0103 ne-am f\u0103cut treaba.<\/p>\n","protected":false},"excerpt":{"rendered":"E vorba de\u2026 spa\u021biu? De lumin\u0103? De lini\u0219te? Sau de toate la un loc? Adev\u0103rul este c\u0103, atunci c\u00e2nd cau\u021bi un loc nou, nu cau\u021bi doar un imobil. Nu bifezi doar criterii \u2013 2 camere, balcon, zon\u0103 lini\u0219tit\u0103. Cau\u021bi ceva mai profund. Cau\u021bi un sentiment. Poate e vorba de acel col\u021b luminos \u00een care \u00ee\u021bi&#8230; <a class=\"view-article\" href=\"https:\/\/casa-alba.ro\/blog\/2025\/05\/16\/207\/\">View Article<\/a>","protected":false},"author":1,"featured_media":208,"comment_status":"open","ping_status":"open","sticky":false,"template":"","format":"standard","meta":{"footnotes":""},"categories":[7],"tags":[],"class_list":["post-207","post","type-post","status-publish","format-standard","has-post-thumbnail","hentry","category-intrebari-frecvente"],"_links":{"self":[{"href":"https:\/\/casa-alba.ro\/blog\/wp-json\/wp\/v2\/posts\/207","targetHints":{"allow":["GET"]}}],"collection":[{"href":"https:\/\/casa-alba.ro\/blog\/wp-json\/wp\/v2\/posts"}],"about":[{"href":"https:\/\/casa-alba.ro\/blog\/wp-json\/wp\/v2\/types\/post"}],"author":[{"embeddable":true,"href":"https:\/\/casa-alba.ro\/blog\/wp-json\/wp\/v2\/users\/1"}],"replies":[{"embeddable":true,"href":"https:\/\/casa-alba.ro\/blog\/wp-json\/wp\/v2\/comments?post=207"}],"version-history":[{"count":4,"href":"https:\/\/casa-alba.ro\/blog\/wp-json\/wp\/v2\/posts\/207\/revisions"}],"predecessor-version":[{"id":212,"href":"https:\/\/casa-alba.ro\/blog\/wp-json\/wp\/v2\/posts\/207\/revisions\/212"}],"wp:featuredmedia":[{"embeddable":true,"href":"https:\/\/casa-alba.ro\/blog\/wp-json\/wp\/v2\/media\/208"}],"wp:attachment":[{"href":"https:\/\/casa-alba.ro\/blog\/wp-json\/wp\/v2\/media?parent=207"}],"wp:term":[{"taxonomy":"category","embeddable":true,"href":"https:\/\/casa-alba.ro\/blog\/wp-json\/wp\/v2\/categories?post=207"},{"taxonomy":"post_tag","embeddable":true,"href":"https:\/\/casa-alba.ro\/blog\/wp-json\/wp\/v2\/tags?post=207"}],"curies":[{"name":"wp","href":"https:\/\/api.w.org\/{rel}","templated":true}]}}